{"id":1030,"date":"2012-03-20T18:31:47","date_gmt":"2012-03-20T17:31:47","guid":{"rendered":"http:\/\/www.marcel-carne.com\/blog\/?p=1030"},"modified":"2020-02-12T15:34:32","modified_gmt":"2020-02-12T14:34:32","slug":"la-mort-de-michel-souvais-le-confident-darletty-petit-fils-de-la-goulue-1946-2012","status":"publish","type":"post","link":"https:\/\/www.marcel-carne.com\/blog\/la-mort-de-michel-souvais-le-confident-darletty-petit-fils-de-la-goulue-1946-2012\/","title":{"rendered":"La mort de Michel Souvais le confident d&rsquo;Arletty, arri\u00e8re petit-fils de La Goulue (1946-2012)"},"content":{"rendered":"<blockquote><p>&#8211; MIS A JOUR LE 08 AVRIL\u00a0 2012-<\/p>\n<p><a href=\"http:\/\/blog.michel.souvais.over-blog.com\/\" target=\"_blank\" rel=\"noopener noreferrer\">Michel Souvais<\/a> a \u00e9t\u00e9 inhum\u00e9 le mardi 02 avril \u00e0 11h au colombarium du <a href=\"http:\/\/crematorium-perelachaise.fr\/p_coordonnees_horaires_et_acces_47.html\" target=\"_blank\" rel=\"noopener noreferrer\">P\u00e8re Lachaise<\/a> aupr\u00e8s de sa m\u00e8re <strong>Marthe Souvais n\u00e9e Perruquet<\/strong>.<\/p>\n<p>Pour ses amis qui chercheraient \u00e0 se recueillir, il repose dans la Galerie S, au deuxi\u00e8me sous-sol, case 22251.<\/p>\n<p>&#8211; MIS A JOUR LE 27 MARS 2012-<\/p>\n<p><a href=\"http:\/\/blog.michel.souvais.over-blog.com\/\" target=\"_blank\" rel=\"noopener noreferrer\">Michel Souvais<\/a> sera incin\u00e9r\u00e9 au <a href=\"http:\/\/crematorium-perelachaise.fr\/p_coordonnees_horaires_et_acces_47.html\" target=\"_blank\" rel=\"noopener noreferrer\">Cr\u00e9matorium du P\u00e8re Lachaise<\/a> le vendredi 30 mars 2012 \u00e0 16h45.<\/p>\n<p>71, rue des Rondeaux &#8211; 75020 Paris<\/p>\n<p>Le Cr\u00e9matorium se trouve dans l\u2019enceinte du cimeti\u00e8re du P\u00e8re Lachaise.<br \/>\nL\u2019entr\u00e9e du Cr\u00e9matorium se fait par l\u2019avenue du P\u00e8re Lachaise, accessible par la place Gambetta.<\/p>\n<p>Le site du <a href=\"http:\/\/crematorium-perelachaise.fr\/p_coordonnees_horaires_et_acces_47.html\" target=\"_blank\" rel=\"noopener noreferrer\">Cr\u00e9matorium du P\u00e8re Lachaise<\/a><\/p><\/blockquote>\n<p>&nbsp;<\/p>\n<p style=\"text-align: center;\"><a href=\"http:\/\/www.marcel-carne.com\/blog\/wp-content\/uploads\/LeMonde-13.03.12-MichelSouvais-1-2.jpg\"><img loading=\"lazy\" decoding=\"async\" class=\"aligncenter wp-image-1007\" title=\"LeMonde-13.03.12-MichelSouvais-1 (2)\" src=\"http:\/\/www.marcel-carne.com\/blog\/wp-content\/uploads\/LeMonde-13.03.12-MichelSouvais-1-2.jpg\" alt=\"\" width=\"512\" height=\"274\" srcset=\"https:\/\/www.marcel-carne.com\/blog\/wp-content\/uploads\/LeMonde-13.03.12-MichelSouvais-1-2.jpg 640w, https:\/\/www.marcel-carne.com\/blog\/wp-content\/uploads\/LeMonde-13.03.12-MichelSouvais-1-2-300x160.jpg 300w\" sizes=\"auto, (max-width: 512px) 100vw, 512px\" \/><\/a><\/p>\n<p>C&rsquo;est par cette annonce que nous avons appris dans l&rsquo;\u00e9dition du <a href=\"http:\/\/www.lemonde.fr\/\" target=\"_blank\" rel=\"noopener noreferrer\">Monde<\/a> <span style=\"text-decoration: underline;\">dat\u00e9 du 13 mars 2012<\/span> la mort de notre ami <a href=\"http:\/\/blog.michel.souvais.over-blog.com\/\" target=\"_blank\" rel=\"noopener noreferrer\">Michel Souvais<\/a>.<\/p>\n<p>L&rsquo;ancien secr\u00e9taire particulier d&rsquo;<a href=\"http:\/\/fr.wikipedia.org\/wiki\/Arletty\" target=\"_blank\" rel=\"noopener noreferrer\">Arletty<\/a> \u00e9tait aussi l&rsquo;arri\u00e8re petit-fils de <a href=\"http:\/\/fr.wikipedia.org\/wiki\/La_Goulue\" target=\"_blank\" rel=\"noopener noreferrer\">La Goulue<\/a>, la c\u00e9l\u00e8bre danseuse de <a href=\"http:\/\/fr.wikipedia.org\/wiki\/French-cancan\" target=\"_blank\" rel=\"noopener noreferrer\">French cancan<\/a> immortalis\u00e9 par <a href=\"http:\/\/fr.wikipedia.org\/wiki\/Henri_de_Toulouse-Lautrec\" target=\"_blank\" rel=\"noopener noreferrer\">Toulouse Lautrec<\/a>.<\/p>\n<p><a href=\"http:\/\/fr.wikipedia.org\/wiki\/Michel_souvais\" target=\"_blank\" rel=\"noopener noreferrer\">Michel Souvais<\/a> a \u00e9t\u00e9 chanteur, com\u00e9dien, mannequin, journaliste, \u00e9crivain, peintre.<\/p>\n<p>Pour le d\u00e9tail nous vous renvoyons \u00e0 sa page <a href=\"http:\/\/fr.wikipedia.org\/wiki\/Michel_souvais\" target=\"_blank\" rel=\"noopener noreferrer\">Wikip\u00e9dia<\/a>.<\/p>\n<p style=\"text-align: center;\">\u00a0<a href=\"http:\/\/www.marcel-carne.com\/blog\/wp-content\/uploads\/LeMonde-13.03.12-MichelSouvais-21.jpg\"><img loading=\"lazy\" decoding=\"async\" class=\"aligncenter wp-image-1032\" title=\"LeMonde-13.03.12-MichelSouvais (2)\" src=\"http:\/\/www.marcel-carne.com\/blog\/wp-content\/uploads\/LeMonde-13.03.12-MichelSouvais-21.jpg\" alt=\"\" width=\"342\" height=\"491\" \/><\/a>La page \u00ab\u00a0Carnets\u00a0\u00bb de l&rsquo;\u00e9dition du <a href=\"http:\/\/www.lemonde.fr\/\" target=\"_blank\" rel=\"noopener noreferrer\">Monde<\/a> dat\u00e9 du 13 mars 2012<\/p>\n<p style=\"text-align: center;\">(c) Le Monde D.R<\/p>\n<p>\u00a0<a href=\"http:\/\/blog.michel.souvais.over-blog.com\/\" target=\"_blank\" rel=\"noopener noreferrer\">Michel Souvais<\/a> est donc parti le samedi 3 mars en toute discr\u00e9tion \u00e0 l&rsquo;<a href=\"http:\/\/fr.wikipedia.org\/wiki\/H%C3%B4pital_de_la_Salp%C3%AAtri%C3%A8re\" target=\"_blank\" rel=\"noopener noreferrer\">h\u00f4pital de la Salp\u00eatri\u00e8re<\/a> alors qu&rsquo;il y avait \u00e9t\u00e9 r\u00e9-hospitalis\u00e9 apr\u00e8s avoir pass\u00e9 quelques jours chez lui.<\/p>\n<p>Il \u00e9tait soign\u00e9 depuis l&rsquo;\u00e9t\u00e9 dernier \u00e0 l&rsquo;<a href=\"http:\/\/fr.wikipedia.org\/wiki\/H%C3%B4pital_de_la_Salp%C3%AAtri%C3%A8re\" target=\"_blank\" rel=\"noopener noreferrer\">h\u00f4pital de la Salp\u00eatri\u00e8re<\/a> pour une \u00ab longue maladie. \u00bb<\/p>\n<p>&nbsp;<\/p>\n<div id=\"attachment_1054\" style=\"width: 394px\" class=\"wp-caption aligncenter\"><a href=\"http:\/\/www.marcel-carne.com\/blog\/wp-content\/uploads\/souvais.jpg\"><img loading=\"lazy\" decoding=\"async\" aria-describedby=\"caption-attachment-1054\" class=\" wp-image-1054\" title=\"souvais\" src=\"http:\/\/www.marcel-carne.com\/blog\/wp-content\/uploads\/souvais.jpg\" alt=\"\" width=\"384\" height=\"255\" srcset=\"https:\/\/www.marcel-carne.com\/blog\/wp-content\/uploads\/souvais.jpg 640w, https:\/\/www.marcel-carne.com\/blog\/wp-content\/uploads\/souvais-300x199.jpg 300w\" sizes=\"auto, (max-width: 384px) 100vw, 384px\" \/><\/a><p id=\"caption-attachment-1054\" class=\"wp-caption-text\">Michel Souvais aux cot\u00e9s de Marcel Carn\u00e9 et Arletty \u00e0 Courbevoie en 1988<\/p><\/div>\n<p>&nbsp;<\/p>\n<p><a href=\"http:\/\/www.marcel-carne.com\/blog\/wp-content\/uploads\/souvais-book_0009.jpg\"><img loading=\"lazy\" decoding=\"async\" class=\"wp-image-1036 alignleft\" title=\"souvais-book_0009\" src=\"http:\/\/www.marcel-carne.com\/blog\/wp-content\/uploads\/souvais-book_0009.jpg\" alt=\"\" width=\"206\" height=\"322\" srcset=\"https:\/\/www.marcel-carne.com\/blog\/wp-content\/uploads\/souvais-book_0009.jpg 408w, https:\/\/www.marcel-carne.com\/blog\/wp-content\/uploads\/souvais-book_0009-191x300.jpg 191w\" sizes=\"auto, (max-width: 206px) 100vw, 206px\" \/><\/a>\u00a0 <a href=\"http:\/\/blog.michel.souvais.over-blog.com\/\" target=\"_blank\" rel=\"noopener noreferrer\">Michel Souvais<\/a> avait rencontr\u00e9 <a href=\"http:\/\/fr.wikipedia.org\/wiki\/Arletty\" target=\"_blank\" rel=\"noopener noreferrer\">Arletty<\/a> en 1978 alors qu&rsquo;elle habitait d\u00e9j\u00e0 \u00e0 Paris un appartement au <a title=\"Google Maps\" href=\"http:\/\/maps.google.fr\/maps?q=14+rue+r%C3%A9musat&amp;hl=fr&amp;ie=UTF8&amp;hnear=14+Rue+de+R%C3%A9musat,+75016+Paris,+%C3%8Ele-de-France&amp;gl=fr&amp;t=m&amp;z=16\" target=\"_blank\" rel=\"noopener noreferrer\">14 rue r\u00e9muzat<\/a> dans le 16\u00b0arrondissement.<\/p>\n<p>Elle a 80 ans et jusqu&rsquo;en 1990 ils vont devenir ins\u00e9parables.<\/p>\n<p><a href=\"http:\/\/fr.wikipedia.org\/wiki\/Arletty\" target=\"_blank\" rel=\"noopener noreferrer\">Arletty<\/a> d\u00e9c\u00e8dera le 23 juillet 1992.<\/p>\n<p>Ainsi, c&rsquo;est en 1987, que\u00a0<a href=\"http:\/\/blog.michel.souvais.over-blog.com\/\" target=\"_blank\" rel=\"noopener noreferrer\">Michel Souvais<\/a> apporta son aide \u00e0 <a href=\"http:\/\/fr.wikipedia.org\/wiki\/Arletty\" target=\"_blank\" rel=\"noopener noreferrer\">Arletty<\/a> pour son livre <em>Je suis comme je suis&#8230;<\/em> \u00e9dit\u00e9 par les \u00c9ditions <strong>Vertiges du Nord\/Carr\u00e8re<\/strong> qui fait suite \u00e0 <em>La D\u00e9fense<\/em>, le premier livre d&rsquo;<a href=\"http:\/\/fr.wikipedia.org\/wiki\/Arletty\" target=\"_blank\" rel=\"noopener noreferrer\">Arletty<\/a> paru en 1971 aux \u00c9ditions de la <strong>Table ronde<\/strong>.<\/p>\n<p>Sous la forme d&rsquo;une conversation, <a href=\"http:\/\/fr.wikipedia.org\/wiki\/Arletty\" target=\"_blank\" rel=\"noopener noreferrer\">Arletty<\/a> se raconte librement en toute simplicit\u00e9. Elle l&rsquo;appelle <em>Bouton d&rsquo;Or<\/em>, il l&rsquo;appelle simplement <em>Arletty<\/em>.<\/p>\n<p>Il faut signaler la belle iconographie qui accompagne la plupart des pages, documents photographiques appartenant \u00e0 <a href=\"http:\/\/fr.wikipedia.org\/wiki\/Arletty\" target=\"_blank\" rel=\"noopener noreferrer\">Arletty<\/a>.<\/p>\n<p style=\"text-align: center;\">\u00a0<a href=\"http:\/\/www.marcel-carne.com\/blog\/wp-content\/uploads\/vlcsnap-2012-03-20-17h59m52s63.jpg\"><img loading=\"lazy\" decoding=\"async\" class=\"aligncenter wp-image-1040\" title=\"vlcsnap-2012-03-20-17h59m52s63\" src=\"http:\/\/www.marcel-carne.com\/blog\/wp-content\/uploads\/vlcsnap-2012-03-20-17h59m52s63.jpg\" alt=\"\" width=\"358\" height=\"269\" srcset=\"https:\/\/www.marcel-carne.com\/blog\/wp-content\/uploads\/vlcsnap-2012-03-20-17h59m52s63.jpg 640w, https:\/\/www.marcel-carne.com\/blog\/wp-content\/uploads\/vlcsnap-2012-03-20-17h59m52s63-300x225.jpg 300w\" sizes=\"auto, (max-width: 358px) 100vw, 358px\" \/><\/a><\/p>\n<p>La m\u00eame ann\u00e9e il appara\u00eet dans le documentaire de <a href=\"http:\/\/www.imdb.fr\/name\/nm0043681\/\">Michel Ayats<\/a> et <strong>Bernard Deutsch<\/strong><em> Arletty sur Seine<\/em> avec <a href=\"http:\/\/fr.wikipedia.org\/wiki\/Arletty\" target=\"_blank\" rel=\"noopener noreferrer\">Arletty<\/a>, <a title=\"Alexandre Trauner\" href=\"http:\/\/fr.wikipedia.org\/wiki\/Alexandre_Trauner\">Alexandre Trauner<\/a>, <a title=\"Jean-Claude Brialy\" href=\"http:\/\/fr.wikipedia.org\/wiki\/Jean-Claude_Brialy\">Jean-Claude Brialy<\/a> et <a title=\"Micheline Boudet\" href=\"http:\/\/fr.wikipedia.org\/wiki\/Micheline_Boudet\">Micheline Boudet<\/a>.<\/p>\n<p style=\"text-align: center;\">\u00a0<a href=\"http:\/\/www.marcel-carne.com\/blog\/wp-content\/uploads\/vlcsnap-2012-03-20-18h01m40s123.jpg\"><img loading=\"lazy\" decoding=\"async\" class=\"aligncenter wp-image-1043\" title=\"vlcsnap-2012-03-20-18h01m40s123\" src=\"http:\/\/www.marcel-carne.com\/blog\/wp-content\/uploads\/vlcsnap-2012-03-20-18h01m40s123.jpg\" alt=\"\" width=\"384\" height=\"295\" srcset=\"https:\/\/www.marcel-carne.com\/blog\/wp-content\/uploads\/vlcsnap-2012-03-20-18h01m40s123.jpg 640w, https:\/\/www.marcel-carne.com\/blog\/wp-content\/uploads\/vlcsnap-2012-03-20-18h01m40s123-300x230.jpg 300w\" sizes=\"auto, (max-width: 384px) 100vw, 384px\" \/><\/a><\/p>\n<p>Puis \u00e0 la fin des ann\u00e9es 90 il se plongea dans les dizaines de cassettes audio qu&rsquo;il avait enregistr\u00e9 avec <a href=\"http:\/\/fr.wikipedia.org\/wiki\/Arletty\" target=\"_blank\" rel=\"noopener noreferrer\">Arletty<\/a> durant leurs conversations qui ont donn\u00e9 le livre <em>Je suis comme je suis&#8230;<\/em> (\u00c9ditions <strong>Vertiges du Nord\/Carr\u00e8re<\/strong>).<\/p>\n<p><a href=\"http:\/\/www.marcel-carne.com\/blog\/wp-content\/uploads\/souvais-book_0002.jpg\"><img loading=\"lazy\" decoding=\"async\" class=\"alignleft wp-image-1045\" title=\"souvais-book_0002\" src=\"http:\/\/www.marcel-carne.com\/blog\/wp-content\/uploads\/souvais-book_0002.jpg\" alt=\"\" width=\"271\" height=\"384\" srcset=\"https:\/\/www.marcel-carne.com\/blog\/wp-content\/uploads\/souvais-book_0002.jpg 451w, https:\/\/www.marcel-carne.com\/blog\/wp-content\/uploads\/souvais-book_0002-211x300.jpg 211w\" sizes=\"auto, (max-width: 271px) 100vw, 271px\" \/><\/a> Toutes ces conversations n&rsquo;avaient pas \u00e9t\u00e9 utilis\u00e9es aussi en 1999 il lui consacre alors un nouveau livre : <em>Arletty : de Fr\u00e9d\u00e9rick Lema\u00eetre aux Enfants du paradis<\/em> paru chez <strong>Dualpha<\/strong>.<\/p>\n<p>Ce livre est la suite logique de <em>Je suis comme je suis&#8230;<\/em> et le lecteur retrouve avec plaisir cet \u00e9change entre <a href=\"http:\/\/blog.michel.souvais.over-blog.com\/\" target=\"_blank\" rel=\"noopener noreferrer\">Michel Souvais<\/a> et <a href=\"http:\/\/fr.wikipedia.org\/wiki\/Arletty\" target=\"_blank\" rel=\"noopener noreferrer\">Arletty<\/a> et ce ton si chaleureux et vivant t\u00e9moin de leur belle amiti\u00e9.<\/p>\n<p>On y trouve ces trois photographies.<\/p>\n<p style=\"text-align: center;\"><a href=\"http:\/\/www.marcel-carne.com\/blog\/wp-content\/uploads\/souvais-book_0006.jpg\"><img loading=\"lazy\" decoding=\"async\" class=\"aligncenter wp-image-1049\" title=\"souvais-book_0006\" src=\"http:\/\/www.marcel-carne.com\/blog\/wp-content\/uploads\/souvais-book_0006.jpg\" alt=\"\" width=\"382\" height=\"244\" srcset=\"https:\/\/www.marcel-carne.com\/blog\/wp-content\/uploads\/souvais-book_0006.jpg 636w, https:\/\/www.marcel-carne.com\/blog\/wp-content\/uploads\/souvais-book_0006-300x191.jpg 300w\" sizes=\"auto, (max-width: 382px) 100vw, 382px\" \/><\/a><\/p>\n<p style=\"text-align: center;\"><a href=\"http:\/\/www.marcel-carne.com\/blog\/wp-content\/uploads\/souvais-book_0007.jpg\"><img loading=\"lazy\" decoding=\"async\" class=\"aligncenter wp-image-1050\" title=\"souvais-book_0007\" src=\"http:\/\/www.marcel-carne.com\/blog\/wp-content\/uploads\/souvais-book_0007.jpg\" alt=\"\" width=\"384\" height=\"274\" srcset=\"https:\/\/www.marcel-carne.com\/blog\/wp-content\/uploads\/souvais-book_0007.jpg 640w, https:\/\/www.marcel-carne.com\/blog\/wp-content\/uploads\/souvais-book_0007-300x213.jpg 300w\" sizes=\"auto, (max-width: 384px) 100vw, 384px\" \/><\/a><\/p>\n<p style=\"text-align: center;\"><a href=\"http:\/\/www.marcel-carne.com\/blog\/wp-content\/uploads\/souvais-book_0008.jpg\"><img loading=\"lazy\" decoding=\"async\" class=\"aligncenter wp-image-1051\" title=\"souvais-book_0008\" src=\"http:\/\/www.marcel-carne.com\/blog\/wp-content\/uploads\/souvais-book_0008.jpg\" alt=\"\" width=\"275\" height=\"367\" srcset=\"https:\/\/www.marcel-carne.com\/blog\/wp-content\/uploads\/souvais-book_0008.jpg 458w, https:\/\/www.marcel-carne.com\/blog\/wp-content\/uploads\/souvais-book_0008-224x300.jpg 224w\" sizes=\"auto, (max-width: 275px) 100vw, 275px\" \/><\/a><\/p>\n<p>Puis dans la deuxi\u00e8me partie, <a href=\"http:\/\/blog.michel.souvais.over-blog.com\/\" target=\"_blank\" rel=\"noopener noreferrer\">Michel Souvais<\/a> rend hommage \u00e0 <a href=\"http:\/\/fr.wikipedia.org\/wiki\/Fr%C3%A9d%C3%A9rick_Lema%C3%AEtre\" target=\"_blank\" rel=\"noopener noreferrer\">Fr\u00e9d\u00e9rick Lema\u00eetre<\/a>, le c\u00e9l\u00e8bre acteur du boulevard du crime, immortalis\u00e9 dans <em>Les Enfants du paradis<\/em> par <strong>Marcel Carn\u00e9<\/strong> et <strong>Jacques Pr\u00e9vert<\/strong>. Il lui rend hommage de belle mani\u00e8re en racontant \u00e0 la premi\u00e8re personne la vie et la carri\u00e8re de ce personnage haut en couleur.<\/p>\n<p style=\"text-align: center;\"><a href=\"http:\/\/www.marcel-carne.com\/blog\/wp-content\/uploads\/souvais-book_0003.jpg\"><img loading=\"lazy\" decoding=\"async\" class=\"aligncenter wp-image-1046\" title=\"souvais-book_0003\" src=\"http:\/\/www.marcel-carne.com\/blog\/wp-content\/uploads\/souvais-book_0003.jpg\" alt=\"\" width=\"275\" height=\"384\" srcset=\"https:\/\/www.marcel-carne.com\/blog\/wp-content\/uploads\/souvais-book_0003.jpg 458w, https:\/\/www.marcel-carne.com\/blog\/wp-content\/uploads\/souvais-book_0003-214x300.jpg 214w\" sizes=\"auto, (max-width: 275px) 100vw, 275px\" \/><\/a><\/p>\n<p>&nbsp;<\/p>\n<p>Puis il bouclera la boucle avec un dernier livre consacr\u00e9 \u00e0 <a href=\"http:\/\/fr.wikipedia.org\/wiki\/Arletty\" target=\"_blank\" rel=\"noopener noreferrer\">Arletty<\/a> qui sortira en 2006 chez Publibook : <em>Arletty : confidences \u00e0 son secr\u00e9taire<\/em>.<\/p>\n<p style=\"text-align: center;\"><a href=\"http:\/\/www.marcel-carne.com\/blog\/wp-content\/uploads\/souvais-book_0004.jpg\"><img loading=\"lazy\" decoding=\"async\" class=\"aligncenter wp-image-1048\" title=\"souvais-book_0004\" src=\"http:\/\/www.marcel-carne.com\/blog\/wp-content\/uploads\/souvais-book_0004.jpg\" alt=\"\" width=\"240\" height=\"384\" srcset=\"https:\/\/www.marcel-carne.com\/blog\/wp-content\/uploads\/souvais-book_0004.jpg 400w, https:\/\/www.marcel-carne.com\/blog\/wp-content\/uploads\/souvais-book_0004-187x300.jpg 187w\" sizes=\"auto, (max-width: 240px) 100vw, 240px\" \/><\/a><\/p>\n<p>Dans sa pr\u00e9face il retranscrit ce que lui aurait r\u00e9pondu <a href=\"http:\/\/fr.wikipedia.org\/wiki\/Arletty\" target=\"_blank\" rel=\"noopener noreferrer\">Arletty<\/a> lors de l&rsquo;une de leurs conversations :<\/p>\n<p>\u00ab Vous \u00e9crirez ce que vous voudrez, Michel, mon historiographe ! Vous me d\u00e9fendrez. Moi, dans la vie, je ne me d\u00e9fends pas. J&rsquo;attaque. Vous avez arrang\u00e9 ? Parfait ! Vous ferez tout \u00e7a \u00e0 la mani\u00e8re de. \u00bb<\/p>\n<p style=\"text-align: center;\"><a href=\"http:\/\/www.marcel-carne.com\/blog\/wp-content\/uploads\/souvais-book_0005.jpg\"><img loading=\"lazy\" decoding=\"async\" class=\"aligncenter wp-image-1052\" title=\"souvais-book_0005\" src=\"http:\/\/www.marcel-carne.com\/blog\/wp-content\/uploads\/souvais-book_0005.jpg\" alt=\"\" width=\"236\" height=\"384\" srcset=\"https:\/\/www.marcel-carne.com\/blog\/wp-content\/uploads\/souvais-book_0005.jpg 393w, https:\/\/www.marcel-carne.com\/blog\/wp-content\/uploads\/souvais-book_0005-184x300.jpg 184w\" sizes=\"auto, (max-width: 236px) 100vw, 236px\" \/><\/a><\/p>\n<p>&nbsp;<\/p>\n<blockquote><p>Pour les 20 ans de la mort d&rsquo;Arletty le 23 juillet 1992 nous lui avons consacr\u00e9 un hommage avec l&rsquo;ensemble des vid\u00e9os qu&rsquo;il avait consacr\u00e9 \u00e0 la grande com\u00e9dienne :<\/p>\n<p><a href=\"http:\/\/www.marcel-carne.com\/la-bande-a-carne\/arletty\/le-20-anniversaire-de-la-mort-darletty-hommage-par-michel-souvais\/\">http:\/\/www.marcel-carne.com\/la-bande-a-carne\/arletty\/le-20-anniversaire-de-la-mort-darletty-hommage-par-michel-souvais\/<\/a><\/p><\/blockquote>\n<div id=\"attachment_1057\" style=\"width: 360px\" class=\"wp-caption aligncenter\"><a href=\"http:\/\/www.marcel-carne.com\/blog\/wp-content\/uploads\/P1050860.jpg\"><img loading=\"lazy\" decoding=\"async\" aria-describedby=\"caption-attachment-1057\" class=\" wp-image-1057\" title=\"P1050860\" src=\"http:\/\/www.marcel-carne.com\/blog\/wp-content\/uploads\/P1050860.jpg\" alt=\"\" width=\"350\" height=\"263\" srcset=\"https:\/\/www.marcel-carne.com\/blog\/wp-content\/uploads\/P1050860.jpg 500w, https:\/\/www.marcel-carne.com\/blog\/wp-content\/uploads\/P1050860-300x225.jpg 300w\" sizes=\"auto, (max-width: 350px) 100vw, 350px\" \/><\/a><p id=\"caption-attachment-1057\" class=\"wp-caption-text\">Marcel Carn\u00e9 et Michel Souvais<\/p><\/div>\n<p>Voici l&rsquo;une de ses vid\u00e9os (Il en a publi\u00e9 plusieurs sous les pseudonymes\u00a0\u00a0<a href=\"http:\/\/www.youtube.com\/user\/Msouvais\/\" target=\"_blank\" rel=\"noopener noreferrer\">msouvais<\/a> ou <a href=\"http:\/\/www.youtube.com\/user\/mauliere\" target=\"_blank\" rel=\"noopener noreferrer\">mauliere<\/a>).<\/p>\n<p>[youtube width=\u00a0\u00bb420&Prime; height=\u00a0\u00bb315&Prime;]http:\/\/www.youtube.com\/watch?v=1FRYfJCrDHk[\/youtube]<\/p>\n<p>Dans celle-ci dat\u00e9e de mai 2011, <a href=\"http:\/\/blog.michel.souvais.over-blog.com\/\" target=\"_blank\" rel=\"noopener noreferrer\">Michel Souvais<\/a> se souvient d&rsquo;une anecdote alors qu&rsquo;il accompagnait <a href=\"http:\/\/fr.wikipedia.org\/wiki\/Arletty\" target=\"_blank\" rel=\"noopener noreferrer\">Arletty<\/a> rue r\u00e9muzat chez elle.<\/p>\n<p>Des ouvriers l&rsquo;apercevant sifflotent l&rsquo;air de \u00ab Comme de bien entendu\u00a0\u00bb du film de <strong>Jean Boyer<\/strong> <em>Circonstances Att\u00e9tuantes<\/em> (dans laquelle elle est \u00ab \u00e9patante\u00a0\u00bb).<\/p>\n<p>Elle lui dit alors : \u00ab Vous entendez \u00e7a ? Le plus bel hommage, celui de la rue \u00bb<\/p>\n<p>&nbsp;<\/p>\n<h3>LIENS<\/h3>\n<p>Sa page YOUTUBE sous le nom de <a href=\"http:\/\/www.youtube.com\/user\/Msouvais\" target=\"_blank\" rel=\"noopener noreferrer\">Msouvais,<\/a> de <a href=\"http:\/\/www.youtube.com\/user\/Msouvais\" target=\"_blank\" rel=\"noopener noreferrer\">Mauliere<\/a>, son <a href=\"http:\/\/blog.michel.souvais.over-blog.com\/\" target=\"_blank\" rel=\"noopener noreferrer\">blog<\/a>, un autre <a href=\"http:\/\/lagouluedelautrec.over-blog.com\/\" target=\"_blank\" rel=\"noopener noreferrer\">blog<\/a> sur <a href=\"http:\/\/www.youtube.com\/user\/Msouvais\" target=\"_blank\" rel=\"noopener noreferrer\">La Goulue<\/a> avec la page officielle sur la <a href=\"http:\/\/lagouluedelautrec.over-blog.com\/pages\/LA_GOULUE_BIOGRAPHIE_OFFICIELLE_-931529.html\" target=\"_blank\" rel=\"noopener noreferrer\">biographie de La Goulue<\/a>, sa page <a href=\"https:\/\/www.facebook.com\/pages\/ArlettyLa-Goulue-Dalida-par-michel-Souvais\/110945328930636\" target=\"_blank\" rel=\"noopener noreferrer\">facebook<\/a> sur <a href=\"https:\/\/www.facebook.com\/pages\/ArlettyLa-Goulue-Dalida-par-michel-Souvais\/110945328930636?sk=wall\" target=\"_blank\" rel=\"noopener noreferrer\">Arletty, Dalida et La Goulue<\/a>, une autre page <a href=\"https:\/\/www.facebook.com\/pages\/George-Sand-par-michel-Souvais\/103005049742338\" target=\"_blank\" rel=\"noopener noreferrer\">facebook <\/a>consacr\u00e9e \u00e0 <a href=\"https:\/\/www.facebook.com\/pages\/George-Sand-par-michel-Souvais\/103005049742338\" target=\"_blank\" rel=\"noopener noreferrer\">Georges Sand<\/a> et celle sur <a href=\"https:\/\/www.facebook.com\/pages\/La-Goulue-de-Toulouse-Lautrec-par-michel-Souvais-son-descendant\/108395752525353\" target=\"_blank\" rel=\"noopener noreferrer\">La Goulue<\/a>.<a href=\"https:\/\/www.facebook.com\/pages\/George-Sand-par-michel-Souvais\/103005049742338\" target=\"_blank\" rel=\"noopener noreferrer\"><br \/>\n<\/a><\/p>\n","protected":false},"excerpt":{"rendered":"<p>&#8211; MIS A JOUR LE 08 AVRIL\u00a0 2012- Michel Souvais a \u00e9t\u00e9 inhum\u00e9 le mardi 02 avril \u00e0 11h au colombarium du P\u00e8re Lachaise aupr\u00e8s de sa m\u00e8re Marthe Souvais n\u00e9e Perruquet. Pour ses amis qui chercheraient \u00e0 se recueillir,&hellip;<\/p>\n<p class=\"more-link-p\"><a class=\"more-link\" href=\"https:\/\/www.marcel-carne.com\/blog\/la-mort-de-michel-souvais-le-confident-darletty-petit-fils-de-la-goulue-1946-2012\/\">Read more &rarr;<\/a><\/p>\n","protected":false},"author":2,"featured_media":0,"comment_status":"open","ping_status":"open","sticky":false,"template":"","format":"standard","meta":{"footnotes":""},"categories":[6,43,70],"tags":[86,130,129],"class_list":["post-1030","post","type-post","status-publish","format-standard","hentry","category-lage-dor-du-cinema-francais","category-les-acteurs-de-lage-dor-du-cinema-francais","category-nos-chers-disparus","tag-arletty","tag-la-goulue","tag-michel-souvais"],"_links":{"self":[{"href":"https:\/\/www.marcel-carne.com\/blog\/wp-json\/wp\/v2\/posts\/1030","targetHints":{"allow":["GET"]}}],"collection":[{"href":"https:\/\/www.marcel-carne.com\/blog\/wp-json\/wp\/v2\/posts"}],"about":[{"href":"https:\/\/www.marcel-carne.com\/blog\/wp-json\/wp\/v2\/types\/post"}],"author":[{"embeddable":true,"href":"https:\/\/www.marcel-carne.com\/blog\/wp-json\/wp\/v2\/users\/2"}],"replies":[{"embeddable":true,"href":"https:\/\/www.marcel-carne.com\/blog\/wp-json\/wp\/v2\/comments?post=1030"}],"version-history":[{"count":28,"href":"https:\/\/www.marcel-carne.com\/blog\/wp-json\/wp\/v2\/posts\/1030\/revisions"}],"predecessor-version":[{"id":1416,"href":"https:\/\/www.marcel-carne.com\/blog\/wp-json\/wp\/v2\/posts\/1030\/revisions\/1416"}],"wp:attachment":[{"href":"https:\/\/www.marcel-carne.com\/blog\/wp-json\/wp\/v2\/media?parent=1030"}],"wp:term":[{"taxonomy":"category","embeddable":true,"href":"https:\/\/www.marcel-carne.com\/blog\/wp-json\/wp\/v2\/categories?post=1030"},{"taxonomy":"post_tag","embeddable":true,"href":"https:\/\/www.marcel-carne.com\/blog\/wp-json\/wp\/v2\/tags?post=1030"}],"curies":[{"name":"wp","href":"https:\/\/api.w.org\/{rel}","templated":true}]}}